{"id":21094,"date":"2020-08-18T11:27:52","date_gmt":"2020-08-18T09:27:52","guid":{"rendered":"https:\/\/benefex-dev.local\/sv\/4-satt-att-anvanda-data-for-att-forsta-dina-medarbetare-battre\/"},"modified":"2026-03-22T10:57:51","modified_gmt":"2026-03-22T09:57:51","slug":"4-satt-att-anvanda-data-for-att-forsta-dina-medarbetare-battre","status":"publish","type":"post","link":"https:\/\/benifex.com\/sv\/4-satt-att-anvanda-data-for-att-forsta-dina-medarbetare-battre\/","title":{"rendered":"4 s\u00e4tt att anv\u00e4nda data f\u00f6r att f\u00f6rst\u00e5 dina medarbetare b\u00e4ttre"},"content":{"rendered":"<h2 style=\"font-size: 18px\"><span style=\"font-family: arial, helvetica, sans-serif;color: #000000\">Fr\u00e5n de f\u00f6rsta stegen i rekryteringsprocessen, via <a href=\"https:\/\/www.benify.se\/onboarding\/\" rel=\"noopener\" target=\"_blank\">onboarding<\/a>, prestationsbed\u00f6mning och kompetensutveckling, fram till <a href=\"https:\/\/www.benify.se\/offboarding\/\" rel=\"noopener\" target=\"_blank\">offboarding<\/a> \u2013 digitala verktyg spelar en allt viktigare roll i den moderna medarbetarupplevelsen. I det h\u00e4r inl\u00e4gget presenterar vi fyra s\u00e4tt som data kan hj\u00e4lpa dig att f\u00f6rst\u00e5 din personalstyrka b\u00e4ttre. Det hj\u00e4lper dig i sin tur att erbjuda en upplevelse i v\u00e4rldsklass, genom hela anst\u00e4llningscykeln.<\/span><\/h2>\n<p><!--more--><\/p>\n<h3 style=\"font-size: 24px\"><span style=\"font-family: arial, helvetica, sans-serif\">1. Anv\u00e4nd data f\u00f6r att f\u00f6rst\u00e5 en global personalstyrka<\/span><\/h3>\n<p><span style=\"font-family: arial, helvetica, sans-serif\">HR-ansvariga i f\u00f6retag med anst\u00e4llda i flera olika l\u00e4nder kan anv\u00e4nda sig av en <a href=\"https:\/\/www.benify.se\/varfor-benify\/for-multinationella-foretag\/\" rel=\"noopener\" target=\"_blank\">global f\u00f6rm\u00e5nsplattform<\/a> f\u00f6r att f\u00e5 en \u00f6verblick \u00f6ver hela personalstyrkan p\u00e5 ett och samma st\u00e4lle. Med hj\u00e4lp av smarta filter g\u00e5r det att sortera fram detaljerad data utifr\u00e5n olika kategorier av medarbetare; fr\u00e5n anst\u00e4llningsort och \u00e5lder till beh\u00f6righetsniv\u00e5er och f\u00f6rm\u00e5nsanv\u00e4ndning. P\u00e5 s\u00e5 s\u00e4tt kan du som arbetsgivare f\u00e5 en djupare f\u00f6rst\u00e5else f\u00f6r olika personalgruppers f\u00f6ruts\u00e4ttningar och \u00f6nskem\u00e5l. Dessa insikter kan sedan anv\u00e4ndas f\u00f6r att erbjuda en \u00e4nnu b\u00e4ttre och mer skr\u00e4ddarsydd <a href=\"\/ge-dina-anstallda-vad-de-vill-ha-en-individanpassad-medarbetarupplevelse\" rel=\"noopener\" target=\"_blank\">medarbetarupplevelse<\/a>.<\/span><\/p>\n<h3 style=\"font-size: 24px\"><span style=\"font-family: arial, helvetica, sans-serif\">2. Anv\u00e4nd data f\u00f6r att f\u00f6rst\u00e5 vilka f\u00f6rm\u00e5ner dina medarbetare anv\u00e4nder och efterfr\u00e5gar<\/span><\/h3>\n<p><span style=\"font-family: arial, helvetica, sans-serif\">P\u00e5 dagens arbetsplatser samsas medarbetare ur flera olika generationer \u2013 fr\u00e5n babyboomers till <a href=\"\/ar-du-redo-for-generation-z\" rel=\"noopener\" target=\"_blank\">Generation Z<\/a>. Var och en har sina <a href=\"\/hur-val-kanner-du-dina-medarbetare\" rel=\"noopener\" target=\"_blank\">individuella behov och preferenser<\/a>. Anv\u00e4nd data f\u00f6r att ta reda p\u00e5 vilka personalf\u00f6rm\u00e5ner som dina medarbetare nyttjar, och vilka val de g\u00f6r inom de olika kategorierna. Utifr\u00e5n denna data kan du sedan skapa ett utbud av \u00e4nnu mer relevanta och flexibla f\u00f6rm\u00e5ner, d\u00e4r varje individ har m\u00f6jlighet att v\u00e4lja n\u00e5got som passar just dem, oavsett var de befinner sig i livet. Ju mer relevant ditt f\u00f6rm\u00e5nsutbud \u00e4r, desto n\u00f6jdare blir dina medarbetare. Och ju n\u00f6jdare dina medarbetare \u00e4r, <a href=\"\/sa-blir-medarbetarna-de-basta-ambassadorerna-for-ditt-varumarke\" rel=\"noopener\" target=\"_blank\">desto b\u00e4ttre ambassad\u00f6rer blir de f\u00f6r ditt arbetsgivarvarum\u00e4rke<\/a>.<\/span><\/p>\n<p><span style=\"font-family: arial, helvetica, sans-serif\"><img decoding=\"async\" src=\"https:\/\/benifex.com\/sv\/wp-content\/uploads\/sites\/2\/workforce-data.jpg\" alt=\"medarbetardata\" width=\"740\" style=\"width: 740px;margin: 0px\"><\/span><\/p>\n<h3 style=\"font-size: 24px\"><span style=\"font-family: arial, helvetica, sans-serif\">3. Anv\u00e4nd data f\u00f6r att m\u00e4ta medarbetarnas kunskap om sin totala ers\u00e4ttning <\/span><\/h3>\n<p><span style=\"font-family: arial, helvetica, sans-serif\">Men ett attraktivt f\u00f6rm\u00e5nsutbud \u00e4r f\u00f6rst\u00e5s inte mycket v\u00e4rt om medarbetarna inte k\u00e4nner till det. Visste du till exempel att hela <a href=\"https:\/\/info.benify.se\/kompensationsgapet\" rel=\"noopener\" target=\"_blank\">8 av 10 anst\u00e4llda underskattar v\u00e4rdet<\/a> av sin totala ers\u00e4ttning? Den genomsnittliga medarbetaren \u00e4r bara medveten om 67% av vad arbetsgivaren investerar i dem.<\/span><\/p>\n<p><span style=\"font-family: arial, helvetica, sans-serif\">Att ge varje medarbetare tillg\u00e5ng till en individuell sammanst\u00e4llning av sin <a href=\"\/vad-blir-din-totala-ersattning\" rel=\"noopener\" target=\"_blank\">totala ers\u00e4ttning<\/a> \u00f6kar kunskapen om \u2013 och uppskattningen av \u2013 din investering i dem. Om sammanst\u00e4llningen presenteras i en smart <a href=\"https:\/\/www.benify.se\/var-produkt\/\" rel=\"noopener\" target=\"_blank\">medarbetarportal<\/a> kan du dessutom se hur m\u00e5nga som tar del av informationen, och hur ofta. Det ger dig en tydligare bild av hur v\u00e4l medarbetarna k\u00e4nner till sin sammanlagda ers\u00e4ttning, ut\u00f6ver l\u00f6n. Du kan ocks\u00e5 uppmuntra medarbetare att ta del av informationen genom att skicka ut p\u00e5minnelser via email, pushnotiser eller meddelanden inne i sj\u00e4lva plattformen.<\/span><\/p>\n<h4><span style=\"font-family: arial, helvetica, sans-serif\">4. Anv\u00e4nd data f\u00f6r att m\u00e4ta n\u00f6jdhet och engagemang<\/span><\/h4>\n<p><span style=\"font-family: arial, helvetica, sans-serif\">Data kan ocks\u00e5 anv\u00e4ndas f\u00f6r att ta reda p\u00e5 hur n\u00f6jda och engagerade dina medarbetare \u00e4r \u00f6verlag. I ett <a href=\"https:\/\/hrbloggen.se\/2019\/11\/3-anledningar-hr-data.html\" rel=\"noopener\" target=\"_blank\">inl\u00e4gg p\u00e5 HR-bloggen<\/a> beskrivs data som rena guldet f\u00f6r HR: \u201dAgerbara och datadrivna kund- och medarbetarinsikter kan fungera som en katalysator f\u00f6r att driva tillv\u00e4xt. De insikter som data levererar, hj\u00e4lper f\u00f6retag och organisationer att fatta r\u00e4tt beslut om verksamhetens utveckling f\u00f6r att st\u00e4rka aff\u00e4ren.\u201d<\/span><\/p>\n<p><span style=\"font-family: arial, helvetica, sans-serif\">Kom ih\u00e5g att n\u00f6jdhet och engagemang inte bara kan m\u00e4tas med medarbetarenk\u00e4ter. Andra faktorer att unders\u00f6ka \u00e4r till exempel \u00f6ppningsgrad och antal klick i email och annan internkommunikation, liksom hur m\u00e5nga medarbetare som deltar i aktiviteter eller tar del av erbjudanden relaterade till anst\u00e4llningen. <\/span><\/p>\n<p><span style=\"font-family: arial, helvetica, sans-serif\">Men sj\u00e4lvklart ska man inte underskatta v\u00e4rdet av att helt enkelt fr\u00e5ga. \u00c4ven h\u00e4r kan du ta hj\u00e4lp av digitala plattformar f\u00f6r att genomf\u00f6ra enk\u00e4ter kring olika teman, som till exempel engagemang, karri\u00e4rutveckling, <a href=\"https:\/\/www.benify.se\/var-produkt\/formaner\/\" rel=\"noopener\" target=\"_blank\">f\u00f6rm\u00e5ner<\/a> eller <a href=\"\/vikten-av-varderingar-mot-benifys-core-values-vinnare-2019\" rel=\"noopener\" target=\"_blank\">f\u00f6retagets v\u00e4rderingar<\/a>. Du kan ocks\u00e5 ta pulsen p\u00e5 medarbetarna med n\u00e5gra f\u00e5 snabba fr\u00e5gor. Anv\u00e4nd den feedback du f\u00e5r in f\u00f6r att genomf\u00f6ra olika f\u00f6rb\u00e4ttringar.<\/span><\/p>\n<p><span style=\"font-family: arial, helvetica, sans-serif\">F\u00f6r att sammanfatta det hela: Dagens HR-team har stora m\u00f6jligheter att anv\u00e4nda data f\u00f6r att l\u00e4ra k\u00e4nna sin personalstyrka b\u00e4ttre, och skapa b\u00e4ttre medarbetarupplevelser. Det g\u00e4ller bara att g\u00f6ra det p\u00e5 r\u00e4tt s\u00e4tt.<\/span><\/p>\n<hr>\n<p style=\"text-align: center\"><span style=\"font-family: arial, helvetica, sans-serif;color: #000000\">Vill du l\u00e4ra dig mer om vad som utm\u00e4rker en positiv medarbetarupplevelse? Ladda ner och l\u00e4s v\u00e5r kostnadsfria e-bok: <em><a href=\"\/tag\/employee-experience\" rel=\"noopener\">Employee Experience<\/a>: s\u00e5 kan du maximera och optimera varje steg av medarbetarupplevelsen<\/em>.<\/span><\/p>\n<p style=\"text-align: center\"><span style=\"font-family: arial, helvetica, sans-serif\">{{cta(&#8217;25fa0940-fac2-4723-93e0-3422f62275bb&#8217;)}}<\/span><\/p>\n","protected":false},"excerpt":{"rendered":"<p>Fr\u00e5n de f\u00f6rsta stegen i rekryteringsprocessen, via onboarding, prestationsbed\u00f6mning och kompetensutveckling, fram till offboarding \u2013 digitala verktyg spelar en allt viktigare roll i den moderna medarbetarupplevelsen. I det h\u00e4r inl\u00e4gget presenterar vi fyra s\u00e4tt som data kan hj\u00e4lpa dig att f\u00f6rst\u00e5 din personalstyrka b\u00e4ttre. Det hj\u00e4lper dig i sin tur att erbjuda en upplevelse i [&hellip;]<\/p>\n","protected":false},"author":0,"featured_media":21095,"comment_status":"closed","ping_status":"open","sticky":false,"template":"tpl.news-post.php","format":"standard","meta":{"_acf_changed":false,"content-type":"","footnotes":""},"categories":[817],"tags":[819],"class_list":["post-21094","post","type-post","status-publish","format-standard","has-post-thumbnail","hentry","category-employee-experience","tag-employee-experience"],"acf":[],"yoast_head":"<!-- This site is optimized with the Yoast SEO Premium plugin v26.7 (Yoast SEO v27.2) - https:\/\/yoast.com\/product\/yoast-seo-premium-wordpress\/ -->\n<title>Anv\u00e4nda Er Data F\u00f6r Att B\u00e4ttre F\u00f6rst\u00e5 Dina Medarbetare | Benify<\/title>\n<meta name=\"description\" content=\"L\u00e4s om 4 smarta s\u00e4tt att anv\u00e4nda data f\u00f6r att b\u00e4ttre f\u00f6rst\u00e5 din personal \u2013 och erbjuda dem en medarbetarupplevelse i toppklass. F\u00f6rst\u00e5 din personalstyrka!\" \/>\n<meta name=\"robots\" content=\"index, follow, max-snippet:-1, max-image-preview:large, max-video-preview:-1\" \/>\n<link rel=\"canonical\" href=\"https:\/\/benifex.com\/sv\/4-satt-att-anvanda-data-for-att-forsta-dina-medarbetare-battre\/\" \/>\n<meta property=\"og:locale\" content=\"en_US\" \/>\n<meta property=\"og:type\" content=\"article\" \/>\n<meta property=\"og:title\" content=\"4 s\u00e4tt att anv\u00e4nda data f\u00f6r att f\u00f6rst\u00e5 dina medarbetare b\u00e4ttre\" \/>\n<meta property=\"og:description\" content=\"L\u00e4s om 4 smarta s\u00e4tt att anv\u00e4nda data f\u00f6r att b\u00e4ttre f\u00f6rst\u00e5 din personal \u2013 och erbjuda dem en medarbetarupplevelse i toppklass. F\u00f6rst\u00e5 din personalstyrka!\" \/>\n<meta property=\"og:url\" content=\"https:\/\/benifex.com\/sv\/4-satt-att-anvanda-data-for-att-forsta-dina-medarbetare-battre\/\" \/>\n<meta property=\"og:site_name\" content=\"Benifex\" \/>\n<meta property=\"article:published_time\" content=\"2020-08-18T09:27:52+00:00\" \/>\n<meta property=\"article:modified_time\" content=\"2026-03-22T09:57:51+00:00\" \/>\n<meta property=\"og:image\" content=\"https:\/\/benifex.com\/wp-content\/uploads\/sites\/2\/workforce-data.jpg\" \/>\n\t<meta property=\"og:image:width\" content=\"600\" \/>\n\t<meta property=\"og:image:height\" content=\"400\" \/>\n\t<meta property=\"og:image:type\" content=\"image\/jpeg\" \/>\n<meta name=\"twitter:card\" content=\"summary_large_image\" \/>\n<meta name=\"twitter:label1\" content=\"Est. reading time\" \/>\n\t<meta name=\"twitter:data1\" content=\"4 minutes\" \/>\n<script type=\"application\/ld+json\" class=\"yoast-schema-graph\">{\"@context\":\"https:\/\/schema.org\",\"@graph\":[{\"@type\":\"Article\",\"@id\":\"https:\/\/benifex.com\/sv\/4-satt-att-anvanda-data-for-att-forsta-dina-medarbetare-battre\/#article\",\"isPartOf\":{\"@id\":\"https:\/\/benifex.com\/sv\/4-satt-att-anvanda-data-for-att-forsta-dina-medarbetare-battre\/\"},\"author\":{\"name\":\"\",\"@id\":\"\"},\"headline\":\"4 s\u00e4tt att anv\u00e4nda data f\u00f6r att f\u00f6rst\u00e5 dina medarbetare b\u00e4ttre\",\"datePublished\":\"2020-08-18T09:27:52+00:00\",\"dateModified\":\"2026-03-22T09:57:51+00:00\",\"mainEntityOfPage\":{\"@id\":\"https:\/\/benifex.com\/sv\/4-satt-att-anvanda-data-for-att-forsta-dina-medarbetare-battre\/\"},\"wordCount\":829,\"publisher\":{\"@id\":\"https:\/\/benifex.com\/sv\/#organization\"},\"image\":{\"@id\":\"https:\/\/benifex.com\/sv\/4-satt-att-anvanda-data-for-att-forsta-dina-medarbetare-battre\/#primaryimage\"},\"thumbnailUrl\":\"https:\/\/benifex.com\/wp-content\/uploads\/sites\/2\/workforce-data.jpg\",\"keywords\":[\"Employee Experience\"],\"articleSection\":[\"Employee Experience\"],\"inLanguage\":\"en-US\"},{\"@type\":\"WebPage\",\"@id\":\"https:\/\/benifex.com\/sv\/4-satt-att-anvanda-data-for-att-forsta-dina-medarbetare-battre\/\",\"url\":\"https:\/\/benifex.com\/sv\/4-satt-att-anvanda-data-for-att-forsta-dina-medarbetare-battre\/\",\"name\":\"Anv\u00e4nda Er Data F\u00f6r Att B\u00e4ttre F\u00f6rst\u00e5 Dina Medarbetare | Benify\",\"isPartOf\":{\"@id\":\"https:\/\/benifex.com\/sv\/#website\"},\"primaryImageOfPage\":{\"@id\":\"https:\/\/benifex.com\/sv\/4-satt-att-anvanda-data-for-att-forsta-dina-medarbetare-battre\/#primaryimage\"},\"image\":{\"@id\":\"https:\/\/benifex.com\/sv\/4-satt-att-anvanda-data-for-att-forsta-dina-medarbetare-battre\/#primaryimage\"},\"thumbnailUrl\":\"https:\/\/benifex.com\/wp-content\/uploads\/sites\/2\/workforce-data.jpg\",\"datePublished\":\"2020-08-18T09:27:52+00:00\",\"dateModified\":\"2026-03-22T09:57:51+00:00\",\"description\":\"L\u00e4s om 4 smarta s\u00e4tt att anv\u00e4nda data f\u00f6r att b\u00e4ttre f\u00f6rst\u00e5 din personal \u2013 och erbjuda dem en medarbetarupplevelse i toppklass. F\u00f6rst\u00e5 din personalstyrka!\",\"breadcrumb\":{\"@id\":\"https:\/\/benifex.com\/sv\/4-satt-att-anvanda-data-for-att-forsta-dina-medarbetare-battre\/#breadcrumb\"},\"inLanguage\":\"en-US\",\"potentialAction\":[{\"@type\":\"ReadAction\",\"target\":[\"https:\/\/benifex.com\/sv\/4-satt-att-anvanda-data-for-att-forsta-dina-medarbetare-battre\/\"]}]},{\"@type\":\"ImageObject\",\"inLanguage\":\"en-US\",\"@id\":\"https:\/\/benifex.com\/sv\/4-satt-att-anvanda-data-for-att-forsta-dina-medarbetare-battre\/#primaryimage\",\"url\":\"https:\/\/benifex.com\/wp-content\/uploads\/sites\/2\/workforce-data.jpg\",\"contentUrl\":\"https:\/\/benifex.com\/wp-content\/uploads\/sites\/2\/workforce-data.jpg\",\"width\":600,\"height\":400},{\"@type\":\"BreadcrumbList\",\"@id\":\"https:\/\/benifex.com\/sv\/4-satt-att-anvanda-data-for-att-forsta-dina-medarbetare-battre\/#breadcrumb\",\"itemListElement\":[{\"@type\":\"ListItem\",\"position\":1,\"name\":\"Home\",\"item\":\"https:\/\/benifex.com\/sv\/en\/\"},{\"@type\":\"ListItem\",\"position\":2,\"name\":\"4 s\u00e4tt att anv\u00e4nda data f\u00f6r att f\u00f6rst\u00e5 dina medarbetare b\u00e4ttre\"}]},{\"@type\":\"WebSite\",\"@id\":\"https:\/\/benifex.com\/sv\/#website\",\"url\":\"https:\/\/benifex.com\/sv\/\",\"name\":\"Benifex\",\"description\":\"Global employee benefits and total rewards platform\",\"publisher\":{\"@id\":\"https:\/\/benifex.com\/sv\/#organization\"},\"potentialAction\":[{\"@type\":\"SearchAction\",\"target\":{\"@type\":\"EntryPoint\",\"urlTemplate\":\"https:\/\/benifex.com\/sv\/?s={search_term_string}\"},\"query-input\":{\"@type\":\"PropertyValueSpecification\",\"valueRequired\":true,\"valueName\":\"search_term_string\"}}],\"inLanguage\":\"en-US\"},{\"@type\":\"Organization\",\"@id\":\"https:\/\/benifex.com\/sv\/#organization\",\"name\":\"Benifex\",\"url\":\"https:\/\/benifex.com\/sv\/\",\"logo\":{\"@type\":\"ImageObject\",\"inLanguage\":\"en-US\",\"@id\":\"https:\/\/benifex.com\/sv\/#\/schema\/logo\/image\/\",\"url\":\"https:\/\/benifex.com\/wp-content\/uploads\/sites\/2\/Benifex_Logo_White.svg\",\"contentUrl\":\"https:\/\/benifex.com\/wp-content\/uploads\/sites\/2\/Benifex_Logo_White.svg\",\"width\":799,\"height\":265,\"caption\":\"Benifex\"},\"image\":{\"@id\":\"https:\/\/benifex.com\/sv\/#\/schema\/logo\/image\/\"}}]}<\/script>\n<!-- \/ Yoast SEO Premium plugin. -->","yoast_head_json":{"title":"Anv\u00e4nda Er Data F\u00f6r Att B\u00e4ttre F\u00f6rst\u00e5 Dina Medarbetare | Benify","description":"L\u00e4s om 4 smarta s\u00e4tt att anv\u00e4nda data f\u00f6r att b\u00e4ttre f\u00f6rst\u00e5 din personal \u2013 och erbjuda dem en medarbetarupplevelse i toppklass. F\u00f6rst\u00e5 din personalstyrka!","robots":{"index":"index","follow":"follow","max-snippet":"max-snippet:-1","max-image-preview":"max-image-preview:large","max-video-preview":"max-video-preview:-1"},"canonical":"https:\/\/benifex.com\/sv\/4-satt-att-anvanda-data-for-att-forsta-dina-medarbetare-battre\/","og_locale":"en_US","og_type":"article","og_title":"4 s\u00e4tt att anv\u00e4nda data f\u00f6r att f\u00f6rst\u00e5 dina medarbetare b\u00e4ttre","og_description":"L\u00e4s om 4 smarta s\u00e4tt att anv\u00e4nda data f\u00f6r att b\u00e4ttre f\u00f6rst\u00e5 din personal \u2013 och erbjuda dem en medarbetarupplevelse i toppklass. F\u00f6rst\u00e5 din personalstyrka!","og_url":"https:\/\/benifex.com\/sv\/4-satt-att-anvanda-data-for-att-forsta-dina-medarbetare-battre\/","og_site_name":"Benifex","article_published_time":"2020-08-18T09:27:52+00:00","article_modified_time":"2026-03-22T09:57:51+00:00","og_image":[{"width":600,"height":400,"url":"https:\/\/benifex.com\/wp-content\/uploads\/sites\/2\/workforce-data.jpg","type":"image\/jpeg"}],"twitter_card":"summary_large_image","twitter_misc":{"Est. reading time":"4 minutes"},"schema":{"@context":"https:\/\/schema.org","@graph":[{"@type":"Article","@id":"https:\/\/benifex.com\/sv\/4-satt-att-anvanda-data-for-att-forsta-dina-medarbetare-battre\/#article","isPartOf":{"@id":"https:\/\/benifex.com\/sv\/4-satt-att-anvanda-data-for-att-forsta-dina-medarbetare-battre\/"},"author":{"name":"","@id":""},"headline":"4 s\u00e4tt att anv\u00e4nda data f\u00f6r att f\u00f6rst\u00e5 dina medarbetare b\u00e4ttre","datePublished":"2020-08-18T09:27:52+00:00","dateModified":"2026-03-22T09:57:51+00:00","mainEntityOfPage":{"@id":"https:\/\/benifex.com\/sv\/4-satt-att-anvanda-data-for-att-forsta-dina-medarbetare-battre\/"},"wordCount":829,"publisher":{"@id":"https:\/\/benifex.com\/sv\/#organization"},"image":{"@id":"https:\/\/benifex.com\/sv\/4-satt-att-anvanda-data-for-att-forsta-dina-medarbetare-battre\/#primaryimage"},"thumbnailUrl":"https:\/\/benifex.com\/wp-content\/uploads\/sites\/2\/workforce-data.jpg","keywords":["Employee Experience"],"articleSection":["Employee Experience"],"inLanguage":"en-US"},{"@type":"WebPage","@id":"https:\/\/benifex.com\/sv\/4-satt-att-anvanda-data-for-att-forsta-dina-medarbetare-battre\/","url":"https:\/\/benifex.com\/sv\/4-satt-att-anvanda-data-for-att-forsta-dina-medarbetare-battre\/","name":"Anv\u00e4nda Er Data F\u00f6r Att B\u00e4ttre F\u00f6rst\u00e5 Dina Medarbetare | Benify","isPartOf":{"@id":"https:\/\/benifex.com\/sv\/#website"},"primaryImageOfPage":{"@id":"https:\/\/benifex.com\/sv\/4-satt-att-anvanda-data-for-att-forsta-dina-medarbetare-battre\/#primaryimage"},"image":{"@id":"https:\/\/benifex.com\/sv\/4-satt-att-anvanda-data-for-att-forsta-dina-medarbetare-battre\/#primaryimage"},"thumbnailUrl":"https:\/\/benifex.com\/wp-content\/uploads\/sites\/2\/workforce-data.jpg","datePublished":"2020-08-18T09:27:52+00:00","dateModified":"2026-03-22T09:57:51+00:00","description":"L\u00e4s om 4 smarta s\u00e4tt att anv\u00e4nda data f\u00f6r att b\u00e4ttre f\u00f6rst\u00e5 din personal \u2013 och erbjuda dem en medarbetarupplevelse i toppklass. F\u00f6rst\u00e5 din personalstyrka!","breadcrumb":{"@id":"https:\/\/benifex.com\/sv\/4-satt-att-anvanda-data-for-att-forsta-dina-medarbetare-battre\/#breadcrumb"},"inLanguage":"en-US","potentialAction":[{"@type":"ReadAction","target":["https:\/\/benifex.com\/sv\/4-satt-att-anvanda-data-for-att-forsta-dina-medarbetare-battre\/"]}]},{"@type":"ImageObject","inLanguage":"en-US","@id":"https:\/\/benifex.com\/sv\/4-satt-att-anvanda-data-for-att-forsta-dina-medarbetare-battre\/#primaryimage","url":"https:\/\/benifex.com\/wp-content\/uploads\/sites\/2\/workforce-data.jpg","contentUrl":"https:\/\/benifex.com\/wp-content\/uploads\/sites\/2\/workforce-data.jpg","width":600,"height":400},{"@type":"BreadcrumbList","@id":"https:\/\/benifex.com\/sv\/4-satt-att-anvanda-data-for-att-forsta-dina-medarbetare-battre\/#breadcrumb","itemListElement":[{"@type":"ListItem","position":1,"name":"Home","item":"https:\/\/benifex.com\/sv\/en\/"},{"@type":"ListItem","position":2,"name":"4 s\u00e4tt att anv\u00e4nda data f\u00f6r att f\u00f6rst\u00e5 dina medarbetare b\u00e4ttre"}]},{"@type":"WebSite","@id":"https:\/\/benifex.com\/sv\/#website","url":"https:\/\/benifex.com\/sv\/","name":"Benifex","description":"Global employee benefits and total rewards platform","publisher":{"@id":"https:\/\/benifex.com\/sv\/#organization"},"potentialAction":[{"@type":"SearchAction","target":{"@type":"EntryPoint","urlTemplate":"https:\/\/benifex.com\/sv\/?s={search_term_string}"},"query-input":{"@type":"PropertyValueSpecification","valueRequired":true,"valueName":"search_term_string"}}],"inLanguage":"en-US"},{"@type":"Organization","@id":"https:\/\/benifex.com\/sv\/#organization","name":"Benifex","url":"https:\/\/benifex.com\/sv\/","logo":{"@type":"ImageObject","inLanguage":"en-US","@id":"https:\/\/benifex.com\/sv\/#\/schema\/logo\/image\/","url":"https:\/\/benifex.com\/wp-content\/uploads\/sites\/2\/Benifex_Logo_White.svg","contentUrl":"https:\/\/benifex.com\/wp-content\/uploads\/sites\/2\/Benifex_Logo_White.svg","width":799,"height":265,"caption":"Benifex"},"image":{"@id":"https:\/\/benifex.com\/sv\/#\/schema\/logo\/image\/"}}]}},"lang":"sv","translations":{"sv":21094},"pll_sync_post":[],"_links":{"self":[{"href":"https:\/\/benifex.com\/sv\/wp-json\/wp\/v2\/posts\/21094","targetHints":{"allow":["GET"]}}],"collection":[{"href":"https:\/\/benifex.com\/sv\/wp-json\/wp\/v2\/posts"}],"about":[{"href":"https:\/\/benifex.com\/sv\/wp-json\/wp\/v2\/types\/post"}],"replies":[{"embeddable":true,"href":"https:\/\/benifex.com\/sv\/wp-json\/wp\/v2\/comments?post=21094"}],"version-history":[{"count":0,"href":"https:\/\/benifex.com\/sv\/wp-json\/wp\/v2\/posts\/21094\/revisions"}],"wp:featuredmedia":[{"embeddable":true,"href":"https:\/\/benifex.com\/sv\/wp-json\/wp\/v2\/media\/21095"}],"wp:attachment":[{"href":"https:\/\/benifex.com\/sv\/wp-json\/wp\/v2\/media?parent=21094"}],"wp:term":[{"taxonomy":"category","embeddable":true,"href":"https:\/\/benifex.com\/sv\/wp-json\/wp\/v2\/categories?post=21094"},{"taxonomy":"post_tag","embeddable":true,"href":"https:\/\/benifex.com\/sv\/wp-json\/wp\/v2\/tags?post=21094"}],"curies":[{"name":"wp","href":"https:\/\/api.w.org\/{rel}","templated":true}]}}