{"id":21031,"date":"2021-05-24T09:12:58","date_gmt":"2021-05-24T07:12:58","guid":{"rendered":"https:\/\/benefex-dev.local\/sv\/stark-foretagskultur-en-investering-i-medarbetarnas-nojdhet-engagemang-och-ambassadorskap\/"},"modified":"2026-03-22T10:56:12","modified_gmt":"2026-03-22T09:56:12","slug":"stark-foretagskultur-en-investering-i-medarbetarnas-nojdhet-engagemang-och-ambassadorskap","status":"publish","type":"post","link":"https:\/\/benifex.com\/sv\/stark-foretagskultur-en-investering-i-medarbetarnas-nojdhet-engagemang-och-ambassadorskap\/","title":{"rendered":"Stark f\u00f6retagskultur: en investering i medarbetarnas n\u00f6jdhet, engagemang och ambassad\u00f6rskap"},"content":{"rendered":"<p style=\"font-weight: bold\"><span style=\"font-size: 18px;font-family: Arial, Helvetica, sans-serif;color: #000000\">Det s\u00e4gs ibland att kulturen \u201dsitter i v\u00e4ggarna\u201d, men visst sitter den snarare i medarbetarna? Hur som helst \u00e4r en stark f\u00f6retagskultur en tydlig framg\u00e5ngsfaktor n\u00e4r det kommer till s\u00e5v\u00e4l aff\u00e4rsresultat som employer branding. En f\u00e4rsk unders\u00f6kning med 32 000 anst\u00e4llda visar att den arbetsgivare som lyckas bygga och uppr\u00e4tth\u00e5lla en stark intern kultur bel\u00f6nas med b\u00e5de h\u00f6gre medarbetarengagemang och fler positiva ambassad\u00f6rer.<\/span><\/p>\n<p><!--more--><\/p>\n<h2>F\u00f6rst och fr\u00e4mst: vad \u00e4r f\u00f6retagskultur?<\/h2>\n<p><span style=\"font-size: 18px;font-family: Arial, Helvetica, sans-serif\">Enkelt uttryckt best\u00e5r f\u00f6retags- eller organisationskulturen av de normer, v\u00e4rderingar och beteenden som pr\u00e4glar en viss organisation eller arbetsplats. Ibland handlar det om oskrivna regler, men det blir allt vanligare att ledningsgrupp och chefer arbetar aktivt med kulturen f\u00f6r att f\u00f6rs\u00f6ka styra den i en \u00f6nskad riktning. Kulturen finns allts\u00e5 d\u00e4r oavsett om man \u00e4r medveten om den eller ej. Och \u00e4ven om ledare har en extra viktig roll f\u00f6r kulturen s\u00e5 b\u00e4rs den upp av alla medarbetare tillsammans.<\/span><\/p>\n<h3 style=\"font-size: 32px\">Vad k\u00e4nnetecknar en stark f\u00f6retagskultur?<\/h3>\n<p><span style=\"font-size: 18px;font-family: Arial, Helvetica, sans-serif\">I en stark f\u00f6retagskultur upplever alla medarbetare ett tydligt syfte med verksamheten, vilket f\u00f6rst\u00e5s g\u00f6r det l\u00e4ttare att arbeta tillsammans mot gemensamma m\u00e5l. Transparens, <a href=\"\/tag\/medarbetarkommunikation\" rel=\"noopener\">effektiv medarbetarkommunikation<\/a>, h\u00f6g psykologisk trygghet, <a href=\"\/oka-medarbetarnas-engagemang-med-ratt-ledarskap\" rel=\"noopener\" target=\"_blank\">engagerande ledarskap<\/a> och starka <a href=\"\/tips-for-att-socialisera-pa-distans\" rel=\"noopener\" target=\"_blank\">sociala relationer<\/a> \u00e4r andra faktorer som bidrar till en stark kultur. Tydliga <a href=\"\/vikten-av-varderingar-mot-benifys-core-values-vinnare-2019\" rel=\"noopener\" target=\"_blank\">v\u00e4rderingar<\/a> \u00e4r ocks\u00e5 ett m\u00e5ste. De k\u00e4rnv\u00e4rden som ligger till grund f\u00f6r den \u00f6nskade kulturen f\u00e5r dock inte bara vara fina ord i ett policydokument, utan beh\u00f6ver genomsyra hela verksamheten. F\u00f6r att understryka vad som \u00e4r viktigt internt kan man som arbetsgivare till exempel l\u00e5ta utbudet av <a href=\"\/sa-kan-ratt-formaner-bidra-till-en-positiv-foretagskultur\" rel=\"noopener\" target=\"_blank\">f\u00f6rm\u00e5ner bidra till en positiv f\u00f6retagskultur<\/a>.<img decoding=\"async\" src=\"https:\/\/benifex.com\/sv\/wp-content\/uploads\/sites\/2\/Stark-foretagskultur-3-Small.jpg\" alt=\"en stark f\u00f6retagskultur\" width=\"690\" height=\"454\" loading=\"lazy\" style=\"width: 690px;margin: 11px 0px 6px;height: auto;max-width: 100%\"><\/span><\/p>\n<h3 style=\"font-size: 32px\">Varf\u00f6r \u00e4r f\u00f6retagskulturen s\u00e5 viktig?<\/h3>\n<p><span style=\"font-size: 18px;font-family: Arial, Helvetica, sans-serif\">En stark kultur bidrar till f\u00f6retagets framg\u00e5ng p\u00e5 flera s\u00e4tt. Vi har redan n\u00e4mnt b\u00e4ttre samarbete och m\u00e5luppfyllelse, men den interna kulturen \u00e4r ocks\u00e5 en avg\u00f6rande del av ett attraktivt <a href=\"\/employer-brand-7-tips-for-att-locka-och-behalla-ratt-kompetens-bortom-pandemin\" rel=\"noopener\" target=\"_blank\">employer brand<\/a> eller arbetsgivarvarum\u00e4rke. Ett tecken p\u00e5 detta \u00e4r att rekryteringsf\u00f6retaget Randstads lista \u00f6ver <a href=\"https:\/\/www.randstad.se\/om-oss\/press\/sveriges-mest-attraktiva-arbetsgivare-2020\/\" rel=\"noopener\" target=\"_blank\">Sveriges mest eftertraktade arbetsgivare 2020<\/a> toppades av Ikea; ett f\u00f6retag som \u00e4r k\u00e4nt just f\u00f6r sin starka kultur.<\/span><\/p>\n<p><span style=\"font-size: 18px;font-family: Arial, Helvetica, sans-serif\">Och om man v\u00e4nder p\u00e5 steken: en destruktiv kultur pr\u00e4glad av otydligt ledarskap och intern konkurrens ist\u00e4llet f\u00f6r samarbete kan leda till oh\u00e4lsa och h\u00f6g personaloms\u00e4ttning, vilket bidrar till en negativ spiral d\u00e4r det d\u00e5liga ryktet som arbetsgivare g\u00f6r det sv\u00e5rt att rekrytera nya medarbetare.<\/span><\/p>\n<h4 style=\"font-size: 32px\">Sambandet mellan kultur, engagemang och ambassad\u00f6rskap<\/h4>\n<p><span style=\"font-size: 18px;font-family: Arial, Helvetica, sans-serif\">I v\u00e5r unders\u00f6kning om <a href=\"https:\/\/info.benify.se\/ladda-ner-rapporten-om-framtidens-arbetsliv\" rel=\"noopener\" target=\"_blank\">framtidens arbetsliv<\/a>, d\u00e4r 32 000 medarbetare deltog, kunde vi p\u00e5 Benify se tydliga samband mellan en stark f\u00f6retagskultur och flera andra positiva faktorer: anst\u00e4llda som uppgav att de jobbade i en organisation med en mycket stark kultur var mer engagerade p\u00e5 jobbet, n\u00f6jdare med sin arbetsgivare och mer ben\u00e4gna att rekommendera arbetsgivaren till andra.<img decoding=\"async\" src=\"https:\/\/benifex.com\/sv\/wp-content\/uploads\/sites\/2\/Stark-foretagskultur-1-Small.jpg\" alt=\"engagemang ambassad\u00f6rskap\" width=\"690\" height=\"460\" loading=\"lazy\" style=\"width: 690px;margin: 11px 0px 3px;height: auto;max-width: 100%\"><\/span><\/p>\n<p><span style=\"font-size: 18px;font-family: Arial, Helvetica, sans-serif\">Det interna och externa arbetsgivarvarum\u00e4rket f\u00f6rst\u00e4rker allts\u00e5 varandra i en positiv spiral: en stark f\u00f6retagskultur ger fler goda <a href=\"\/sa-blir-medarbetarna-de-basta-ambassadorerna-for-ditt-varumarke\" rel=\"noopener\" target=\"_blank\">ambassad\u00f6rer<\/a>, vilket g\u00f6r det l\u00e4ttare att locka nya <a href=\"\/tag\/engagemang\" rel=\"noopener\">engagerade medarbetare<\/a>, som i sin tur bidrar till den positiva kulturen internt. V\u00e5r unders\u00f6kning visade ocks\u00e5 att fyra av tio anst\u00e4llda ser varum\u00e4rke och image som mycket viktiga i valet av arbetsgivare. Och f\u00f6r att ett varum\u00e4rke ska upplevas som genuint beh\u00f6ver det byggas inifr\u00e5n och ut \u2013 av medarbetarna och ledarna som b\u00e4r upp kulturen.<\/span><\/p>\n<hr>\n<p style=\"text-align: center\"><span style=\"font-weight: bold\"><span style=\"font-size: 18px;font-family: Arial, Helvetica, sans-serif\">Vill du f\u00e5 fler trender och insikter fr\u00e5n v\u00e5r stora unders\u00f6kning om <a href=\"https:\/\/www.benify.se\/var-produkt\/formaner\/\" rel=\"noopener\" target=\"_blank\">f\u00f6rm\u00e5ner<\/a> och <a href=\"\/tag\/employer-branding\" rel=\"noopener\">employer branding<\/a>? Ladda ner rapporten <\/span><span style=\"font-size: 18px;font-family: Arial, Helvetica, sans-serif\"><em>Framtidens arbetsliv: Vad dagens medarbetare f\u00f6rv\u00e4ntar sig av sin arbetsgivare \u2013 under och bortom pandemin <\/em><\/span><span style=\"font-size: 18px;font-family: Arial, Helvetica, sans-serif\">helt kostnadsfritt via l\u00e4nken nedan. Trevlig l\u00e4sning!<\/span><\/span><\/p>\n<p style=\"text-align: center\">{{cta(&#8216;a9b10662-c4a1-4fd7-9f45-dc31495d8fe7&#8217;)}}<\/p>\n","protected":false},"excerpt":{"rendered":"<p>Det s\u00e4gs ibland att kulturen \u201dsitter i v\u00e4ggarna\u201d, men visst sitter den snarare i medarbetarna? Hur som helst \u00e4r en stark f\u00f6retagskultur en tydlig framg\u00e5ngsfaktor n\u00e4r det kommer till s\u00e5v\u00e4l aff\u00e4rsresultat som employer branding. En f\u00e4rsk unders\u00f6kning med 32 000 anst\u00e4llda visar att den arbetsgivare som lyckas bygga och uppr\u00e4tth\u00e5lla en stark intern kultur bel\u00f6nas [&hellip;]<\/p>\n","protected":false},"author":0,"featured_media":21032,"comment_status":"closed","ping_status":"open","sticky":false,"template":"tpl.news-post.php","format":"standard","meta":{"_acf_changed":false,"content-type":"","footnotes":""},"categories":[745,797],"tags":[747,799],"class_list":["post-21031","post","type-post","status-publish","format-standard","has-post-thumbnail","hentry","category-engagerade-medarbetare","category-medarbetarkommunikation","tag-engagerade-medarbetare","tag-medarbetarkommunikation"],"acf":[],"yoast_head":"<!-- This site is optimized with the Yoast SEO Premium plugin v26.7 (Yoast SEO v27.2) - https:\/\/yoast.com\/product\/yoast-seo-premium-wordpress\/ -->\n<title>Stark f\u00f6retagskultur - Investering f\u00f6r Personalens Engagemang | Benify<\/title>\n<meta name=\"description\" content=\"Stor unders\u00f6kning visar tydligt samband: en stark f\u00f6retagskultur ger h\u00f6gre medarbetarengagemang och fler positiva ambassad\u00f6rer f\u00f6r arbetsgivarvarum\u00e4rket.\" \/>\n<meta name=\"robots\" content=\"index, follow, max-snippet:-1, max-image-preview:large, max-video-preview:-1\" \/>\n<link rel=\"canonical\" href=\"https:\/\/benifex.com\/sv\/stark-foretagskultur-en-investering-i-medarbetarnas-nojdhet-engagemang-och-ambassadorskap\/\" \/>\n<meta property=\"og:locale\" content=\"en_US\" \/>\n<meta property=\"og:type\" content=\"article\" \/>\n<meta property=\"og:title\" content=\"Stark f\u00f6retagskultur: en investering i medarbetarnas n\u00f6jdhet, engagemang och ambassad\u00f6rskap\" \/>\n<meta property=\"og:description\" content=\"Stor unders\u00f6kning visar tydligt samband: en stark f\u00f6retagskultur ger h\u00f6gre medarbetarengagemang och fler positiva ambassad\u00f6rer f\u00f6r arbetsgivarvarum\u00e4rket.\" \/>\n<meta property=\"og:url\" content=\"https:\/\/benifex.com\/sv\/stark-foretagskultur-en-investering-i-medarbetarnas-nojdhet-engagemang-och-ambassadorskap\/\" \/>\n<meta property=\"og:site_name\" content=\"Benifex\" \/>\n<meta property=\"article:published_time\" content=\"2021-05-24T07:12:58+00:00\" \/>\n<meta property=\"article:modified_time\" content=\"2026-03-22T09:56:12+00:00\" \/>\n<meta property=\"og:image\" content=\"https:\/\/benifex.com\/wp-content\/uploads\/sites\/2\/Stark-foretagskultur-3-Small.jpg\" \/>\n\t<meta property=\"og:image:width\" content=\"1500\" \/>\n\t<meta property=\"og:image:height\" content=\"988\" \/>\n\t<meta property=\"og:image:type\" content=\"image\/jpeg\" \/>\n<meta name=\"twitter:card\" content=\"summary_large_image\" \/>\n<meta name=\"twitter:label1\" content=\"Est. reading time\" \/>\n\t<meta name=\"twitter:data1\" content=\"3 minutes\" \/>\n<script type=\"application\/ld+json\" class=\"yoast-schema-graph\">{\"@context\":\"https:\/\/schema.org\",\"@graph\":[{\"@type\":\"Article\",\"@id\":\"https:\/\/benifex.com\/sv\/stark-foretagskultur-en-investering-i-medarbetarnas-nojdhet-engagemang-och-ambassadorskap\/#article\",\"isPartOf\":{\"@id\":\"https:\/\/benifex.com\/sv\/stark-foretagskultur-en-investering-i-medarbetarnas-nojdhet-engagemang-och-ambassadorskap\/\"},\"author\":{\"name\":\"\",\"@id\":\"\"},\"headline\":\"Stark f\u00f6retagskultur: en investering i medarbetarnas n\u00f6jdhet, engagemang och ambassad\u00f6rskap\",\"datePublished\":\"2021-05-24T07:12:58+00:00\",\"dateModified\":\"2026-03-22T09:56:12+00:00\",\"mainEntityOfPage\":{\"@id\":\"https:\/\/benifex.com\/sv\/stark-foretagskultur-en-investering-i-medarbetarnas-nojdhet-engagemang-och-ambassadorskap\/\"},\"wordCount\":677,\"publisher\":{\"@id\":\"https:\/\/benifex.com\/sv\/#organization\"},\"image\":{\"@id\":\"https:\/\/benifex.com\/sv\/stark-foretagskultur-en-investering-i-medarbetarnas-nojdhet-engagemang-och-ambassadorskap\/#primaryimage\"},\"thumbnailUrl\":\"https:\/\/benifex.com\/wp-content\/uploads\/sites\/2\/Stark-foretagskultur-3-Small.jpg\",\"keywords\":[\"Engagerade medarbetare\",\"Medarbetarkommunikation\"],\"articleSection\":[\"Engagerade medarbetare\",\"Medarbetarkommunikation\"],\"inLanguage\":\"en-US\"},{\"@type\":\"WebPage\",\"@id\":\"https:\/\/benifex.com\/sv\/stark-foretagskultur-en-investering-i-medarbetarnas-nojdhet-engagemang-och-ambassadorskap\/\",\"url\":\"https:\/\/benifex.com\/sv\/stark-foretagskultur-en-investering-i-medarbetarnas-nojdhet-engagemang-och-ambassadorskap\/\",\"name\":\"Stark f\u00f6retagskultur - Investering f\u00f6r Personalens Engagemang | Benify\",\"isPartOf\":{\"@id\":\"https:\/\/benifex.com\/sv\/#website\"},\"primaryImageOfPage\":{\"@id\":\"https:\/\/benifex.com\/sv\/stark-foretagskultur-en-investering-i-medarbetarnas-nojdhet-engagemang-och-ambassadorskap\/#primaryimage\"},\"image\":{\"@id\":\"https:\/\/benifex.com\/sv\/stark-foretagskultur-en-investering-i-medarbetarnas-nojdhet-engagemang-och-ambassadorskap\/#primaryimage\"},\"thumbnailUrl\":\"https:\/\/benifex.com\/wp-content\/uploads\/sites\/2\/Stark-foretagskultur-3-Small.jpg\",\"datePublished\":\"2021-05-24T07:12:58+00:00\",\"dateModified\":\"2026-03-22T09:56:12+00:00\",\"description\":\"Stor unders\u00f6kning visar tydligt samband: en stark f\u00f6retagskultur ger h\u00f6gre medarbetarengagemang och fler positiva ambassad\u00f6rer f\u00f6r arbetsgivarvarum\u00e4rket.\",\"breadcrumb\":{\"@id\":\"https:\/\/benifex.com\/sv\/stark-foretagskultur-en-investering-i-medarbetarnas-nojdhet-engagemang-och-ambassadorskap\/#breadcrumb\"},\"inLanguage\":\"en-US\",\"potentialAction\":[{\"@type\":\"ReadAction\",\"target\":[\"https:\/\/benifex.com\/sv\/stark-foretagskultur-en-investering-i-medarbetarnas-nojdhet-engagemang-och-ambassadorskap\/\"]}]},{\"@type\":\"ImageObject\",\"inLanguage\":\"en-US\",\"@id\":\"https:\/\/benifex.com\/sv\/stark-foretagskultur-en-investering-i-medarbetarnas-nojdhet-engagemang-och-ambassadorskap\/#primaryimage\",\"url\":\"https:\/\/benifex.com\/wp-content\/uploads\/sites\/2\/Stark-foretagskultur-3-Small.jpg\",\"contentUrl\":\"https:\/\/benifex.com\/wp-content\/uploads\/sites\/2\/Stark-foretagskultur-3-Small.jpg\",\"width\":1500,\"height\":988},{\"@type\":\"BreadcrumbList\",\"@id\":\"https:\/\/benifex.com\/sv\/stark-foretagskultur-en-investering-i-medarbetarnas-nojdhet-engagemang-och-ambassadorskap\/#breadcrumb\",\"itemListElement\":[{\"@type\":\"ListItem\",\"position\":1,\"name\":\"Home\",\"item\":\"https:\/\/benifex.com\/sv\/en\/\"},{\"@type\":\"ListItem\",\"position\":2,\"name\":\"Stark f\u00f6retagskultur: en investering i medarbetarnas n\u00f6jdhet, engagemang och ambassad\u00f6rskap\"}]},{\"@type\":\"WebSite\",\"@id\":\"https:\/\/benifex.com\/sv\/#website\",\"url\":\"https:\/\/benifex.com\/sv\/\",\"name\":\"Benifex\",\"description\":\"Global employee benefits and total rewards platform\",\"publisher\":{\"@id\":\"https:\/\/benifex.com\/sv\/#organization\"},\"potentialAction\":[{\"@type\":\"SearchAction\",\"target\":{\"@type\":\"EntryPoint\",\"urlTemplate\":\"https:\/\/benifex.com\/sv\/?s={search_term_string}\"},\"query-input\":{\"@type\":\"PropertyValueSpecification\",\"valueRequired\":true,\"valueName\":\"search_term_string\"}}],\"inLanguage\":\"en-US\"},{\"@type\":\"Organization\",\"@id\":\"https:\/\/benifex.com\/sv\/#organization\",\"name\":\"Benifex\",\"url\":\"https:\/\/benifex.com\/sv\/\",\"logo\":{\"@type\":\"ImageObject\",\"inLanguage\":\"en-US\",\"@id\":\"https:\/\/benifex.com\/sv\/#\/schema\/logo\/image\/\",\"url\":\"https:\/\/benifex.com\/wp-content\/uploads\/sites\/2\/Benifex_Logo_White.svg\",\"contentUrl\":\"https:\/\/benifex.com\/wp-content\/uploads\/sites\/2\/Benifex_Logo_White.svg\",\"width\":799,\"height\":265,\"caption\":\"Benifex\"},\"image\":{\"@id\":\"https:\/\/benifex.com\/sv\/#\/schema\/logo\/image\/\"}}]}<\/script>\n<!-- \/ Yoast SEO Premium plugin. -->","yoast_head_json":{"title":"Stark f\u00f6retagskultur - Investering f\u00f6r Personalens Engagemang | Benify","description":"Stor unders\u00f6kning visar tydligt samband: en stark f\u00f6retagskultur ger h\u00f6gre medarbetarengagemang och fler positiva ambassad\u00f6rer f\u00f6r arbetsgivarvarum\u00e4rket.","robots":{"index":"index","follow":"follow","max-snippet":"max-snippet:-1","max-image-preview":"max-image-preview:large","max-video-preview":"max-video-preview:-1"},"canonical":"https:\/\/benifex.com\/sv\/stark-foretagskultur-en-investering-i-medarbetarnas-nojdhet-engagemang-och-ambassadorskap\/","og_locale":"en_US","og_type":"article","og_title":"Stark f\u00f6retagskultur: en investering i medarbetarnas n\u00f6jdhet, engagemang och ambassad\u00f6rskap","og_description":"Stor unders\u00f6kning visar tydligt samband: en stark f\u00f6retagskultur ger h\u00f6gre medarbetarengagemang och fler positiva ambassad\u00f6rer f\u00f6r arbetsgivarvarum\u00e4rket.","og_url":"https:\/\/benifex.com\/sv\/stark-foretagskultur-en-investering-i-medarbetarnas-nojdhet-engagemang-och-ambassadorskap\/","og_site_name":"Benifex","article_published_time":"2021-05-24T07:12:58+00:00","article_modified_time":"2026-03-22T09:56:12+00:00","og_image":[{"width":1500,"height":988,"url":"https:\/\/benifex.com\/wp-content\/uploads\/sites\/2\/Stark-foretagskultur-3-Small.jpg","type":"image\/jpeg"}],"twitter_card":"summary_large_image","twitter_misc":{"Est. reading time":"3 minutes"},"schema":{"@context":"https:\/\/schema.org","@graph":[{"@type":"Article","@id":"https:\/\/benifex.com\/sv\/stark-foretagskultur-en-investering-i-medarbetarnas-nojdhet-engagemang-och-ambassadorskap\/#article","isPartOf":{"@id":"https:\/\/benifex.com\/sv\/stark-foretagskultur-en-investering-i-medarbetarnas-nojdhet-engagemang-och-ambassadorskap\/"},"author":{"name":"","@id":""},"headline":"Stark f\u00f6retagskultur: en investering i medarbetarnas n\u00f6jdhet, engagemang och ambassad\u00f6rskap","datePublished":"2021-05-24T07:12:58+00:00","dateModified":"2026-03-22T09:56:12+00:00","mainEntityOfPage":{"@id":"https:\/\/benifex.com\/sv\/stark-foretagskultur-en-investering-i-medarbetarnas-nojdhet-engagemang-och-ambassadorskap\/"},"wordCount":677,"publisher":{"@id":"https:\/\/benifex.com\/sv\/#organization"},"image":{"@id":"https:\/\/benifex.com\/sv\/stark-foretagskultur-en-investering-i-medarbetarnas-nojdhet-engagemang-och-ambassadorskap\/#primaryimage"},"thumbnailUrl":"https:\/\/benifex.com\/wp-content\/uploads\/sites\/2\/Stark-foretagskultur-3-Small.jpg","keywords":["Engagerade medarbetare","Medarbetarkommunikation"],"articleSection":["Engagerade medarbetare","Medarbetarkommunikation"],"inLanguage":"en-US"},{"@type":"WebPage","@id":"https:\/\/benifex.com\/sv\/stark-foretagskultur-en-investering-i-medarbetarnas-nojdhet-engagemang-och-ambassadorskap\/","url":"https:\/\/benifex.com\/sv\/stark-foretagskultur-en-investering-i-medarbetarnas-nojdhet-engagemang-och-ambassadorskap\/","name":"Stark f\u00f6retagskultur - Investering f\u00f6r Personalens Engagemang | Benify","isPartOf":{"@id":"https:\/\/benifex.com\/sv\/#website"},"primaryImageOfPage":{"@id":"https:\/\/benifex.com\/sv\/stark-foretagskultur-en-investering-i-medarbetarnas-nojdhet-engagemang-och-ambassadorskap\/#primaryimage"},"image":{"@id":"https:\/\/benifex.com\/sv\/stark-foretagskultur-en-investering-i-medarbetarnas-nojdhet-engagemang-och-ambassadorskap\/#primaryimage"},"thumbnailUrl":"https:\/\/benifex.com\/wp-content\/uploads\/sites\/2\/Stark-foretagskultur-3-Small.jpg","datePublished":"2021-05-24T07:12:58+00:00","dateModified":"2026-03-22T09:56:12+00:00","description":"Stor unders\u00f6kning visar tydligt samband: en stark f\u00f6retagskultur ger h\u00f6gre medarbetarengagemang och fler positiva ambassad\u00f6rer f\u00f6r arbetsgivarvarum\u00e4rket.","breadcrumb":{"@id":"https:\/\/benifex.com\/sv\/stark-foretagskultur-en-investering-i-medarbetarnas-nojdhet-engagemang-och-ambassadorskap\/#breadcrumb"},"inLanguage":"en-US","potentialAction":[{"@type":"ReadAction","target":["https:\/\/benifex.com\/sv\/stark-foretagskultur-en-investering-i-medarbetarnas-nojdhet-engagemang-och-ambassadorskap\/"]}]},{"@type":"ImageObject","inLanguage":"en-US","@id":"https:\/\/benifex.com\/sv\/stark-foretagskultur-en-investering-i-medarbetarnas-nojdhet-engagemang-och-ambassadorskap\/#primaryimage","url":"https:\/\/benifex.com\/wp-content\/uploads\/sites\/2\/Stark-foretagskultur-3-Small.jpg","contentUrl":"https:\/\/benifex.com\/wp-content\/uploads\/sites\/2\/Stark-foretagskultur-3-Small.jpg","width":1500,"height":988},{"@type":"BreadcrumbList","@id":"https:\/\/benifex.com\/sv\/stark-foretagskultur-en-investering-i-medarbetarnas-nojdhet-engagemang-och-ambassadorskap\/#breadcrumb","itemListElement":[{"@type":"ListItem","position":1,"name":"Home","item":"https:\/\/benifex.com\/sv\/en\/"},{"@type":"ListItem","position":2,"name":"Stark f\u00f6retagskultur: en investering i medarbetarnas n\u00f6jdhet, engagemang och ambassad\u00f6rskap"}]},{"@type":"WebSite","@id":"https:\/\/benifex.com\/sv\/#website","url":"https:\/\/benifex.com\/sv\/","name":"Benifex","description":"Global employee benefits and total rewards platform","publisher":{"@id":"https:\/\/benifex.com\/sv\/#organization"},"potentialAction":[{"@type":"SearchAction","target":{"@type":"EntryPoint","urlTemplate":"https:\/\/benifex.com\/sv\/?s={search_term_string}"},"query-input":{"@type":"PropertyValueSpecification","valueRequired":true,"valueName":"search_term_string"}}],"inLanguage":"en-US"},{"@type":"Organization","@id":"https:\/\/benifex.com\/sv\/#organization","name":"Benifex","url":"https:\/\/benifex.com\/sv\/","logo":{"@type":"ImageObject","inLanguage":"en-US","@id":"https:\/\/benifex.com\/sv\/#\/schema\/logo\/image\/","url":"https:\/\/benifex.com\/wp-content\/uploads\/sites\/2\/Benifex_Logo_White.svg","contentUrl":"https:\/\/benifex.com\/wp-content\/uploads\/sites\/2\/Benifex_Logo_White.svg","width":799,"height":265,"caption":"Benifex"},"image":{"@id":"https:\/\/benifex.com\/sv\/#\/schema\/logo\/image\/"}}]}},"lang":"sv","translations":{"sv":21031},"pll_sync_post":[],"_links":{"self":[{"href":"https:\/\/benifex.com\/sv\/wp-json\/wp\/v2\/posts\/21031","targetHints":{"allow":["GET"]}}],"collection":[{"href":"https:\/\/benifex.com\/sv\/wp-json\/wp\/v2\/posts"}],"about":[{"href":"https:\/\/benifex.com\/sv\/wp-json\/wp\/v2\/types\/post"}],"replies":[{"embeddable":true,"href":"https:\/\/benifex.com\/sv\/wp-json\/wp\/v2\/comments?post=21031"}],"version-history":[{"count":0,"href":"https:\/\/benifex.com\/sv\/wp-json\/wp\/v2\/posts\/21031\/revisions"}],"wp:featuredmedia":[{"embeddable":true,"href":"https:\/\/benifex.com\/sv\/wp-json\/wp\/v2\/media\/21032"}],"wp:attachment":[{"href":"https:\/\/benifex.com\/sv\/wp-json\/wp\/v2\/media?parent=21031"}],"wp:term":[{"taxonomy":"category","embeddable":true,"href":"https:\/\/benifex.com\/sv\/wp-json\/wp\/v2\/categories?post=21031"},{"taxonomy":"post_tag","embeddable":true,"href":"https:\/\/benifex.com\/sv\/wp-json\/wp\/v2\/tags?post=21031"}],"curies":[{"name":"wp","href":"https:\/\/api.w.org\/{rel}","templated":true}]}}