{"id":20796,"date":"2024-06-17T15:51:09","date_gmt":"2024-06-17T13:51:09","guid":{"rendered":"https:\/\/benefex-dev.local\/sv\/benifys-kommunikationsverktyg-riktade-budskap-for-okat-engagemang\/"},"modified":"2026-03-22T10:50:26","modified_gmt":"2026-03-22T09:50:26","slug":"benifys-kommunikationsverktyg-riktade-budskap-for-okat-engagemang","status":"publish","type":"post","link":"https:\/\/benifex.com\/sv\/benifys-kommunikationsverktyg-riktade-budskap-for-okat-engagemang\/","title":{"rendered":"Benifys kommunikationsverktyg: riktade budskap f\u00f6r \u00f6kat engagemang"},"content":{"rendered":"<h2 style=\"font-size: 18px\"><span data-contrast=\"auto\" lang=\"SV-SE\">Hur kommunicerar din HR-avdelning med medarbetarna? F\u00f6rlitar ni er fortfarande p\u00e5 mejl? D\u00e5 pratar ni i praktiken f\u00f6rbi en stor del av personalstyrkan. S\u00e5 h\u00e4r kan ni maximera engagemanget med hj\u00e4lp av Benifys kommunikationsverktyg.<\/span>&nbsp;<\/h2>\n<hr>\n<h3 style=\"font-size: 32px\">Varf\u00f6r e-post inte r\u00e4cker \u2013 och vilka andra kanaler du b\u00f6r anv\u00e4nda&nbsp;<\/h3>\n<p style=\"font-size: 18px\">Hur n\u00e5r HR-avdelningar b\u00e4st sin m\u00e5lgrupp, det vill s\u00e4ga alla f\u00f6retagets medarbetare? F\u00f6r bara n\u00e5gra \u00e5r sedan hade nog de flesta svarat e-post. Men det h\u00e4r \u00e4r p\u00e5 v\u00e4g att f\u00f6r\u00e4ndras. Anv\u00e4nder du enbart e-post kommunicerar du inte bara f\u00f6rbi de cirka 80 procent av personalstyrkan som inte sitter vid ett traditionellt skrivbord just d\u00e5. Ditt budskap l\u00f6per ocks\u00e5 h\u00f6g risk att drunkna i en veritabel flod av meddelanden.<\/p>\n<p><!--more--><\/p>\n<p style=\"font-size: 18px\">Enligt Statista skickades omkring 350 miljarder e-postmeddelanden v\u00e4rlden \u00f6ver 2023 \u2013 per dag. Dessutom kommuniceras det \u00e4ven via andra kanaler, som Slack eller Teams, p\u00e5 m\u00e5nga arbetsplatser. Det m\u00e5natliga nyhetsbrevet fr\u00e5n HR-avdelningen f\u00f6rsvinner allts\u00e5 l\u00e4tt i m\u00e4ngden. Samtidigt efterfr\u00e5gar en majoritet av medarbetare m\u00f6jligheten att ta del av kommunikation via mer \u00e4n en enhet.&nbsp;<\/p>\n<p style=\"font-size: 18px\">En central medarbetarplattform som Benify uppfyller dessa \u00f6nskem\u00e5l \u2013 och \u00f6ppnar ytterligare tv\u00e5 kanaler ut\u00f6ver e-post:&nbsp;<\/p>\n<ul style=\"font-size: 18px\">\n<li data-leveltext=\"\uf0b7\" data-font=\"Symbol\" data-listid=\"2\" data-list-defn-props=\"{&quot;335552541&quot;:1,&quot;335559685&quot;:720,&quot;335559991&quot;:360,&quot;469769226&quot;:&quot;Symbol&quot;,&quot;469769242&quot;:[8226],&quot;469777803&quot;:&quot;left&quot;,&quot;469777804&quot;:&quot;\uf0b7&quot;,&quot;469777815&quot;:&quot;hybridMultilevel&quot;}\" data-aria-posinset=\"1\" data-aria-level=\"1\">Pushnotiser via appen p\u00e5 medarbetarnas telefoner&nbsp;<\/li>\n<li>Meddelanden till en brevl\u00e5da p\u00e5 medarbetarplattformen&nbsp;<\/li>\n<\/ul>\n<p style=\"font-size: 18px\">Dessa kanaler kan anv\u00e4ndas flexibelt beroende p\u00e5 budskap och m\u00e5lgrupp. De kan ocks\u00e5 kombineras, till exempel genom att f\u00f6rst f\u00f6rmedla information i ett mejl och kort d\u00e4rp\u00e5 skicka en v\u00e4nlig p\u00e5minnelse via plattformen, eller i form av en pushnotis.&nbsp;<\/p>\n<p style=\"font-size: 18px\">Ett av m\u00e5nga f\u00f6retag som uppt\u00e4ckt potentialen i detta \u00e4r Ambea. <a href=\"https:\/\/www.benify.se\/kundcase\/ambea\/\">H\u00e4r<\/a> kan du l\u00e4sa om hur Benifys kommunikationsverktyg b\u00e5de hj\u00e4lper dem f\u00f6rmedla riktad information och \u00f6ka medarbetarnas engagemang.&nbsp;<\/p>\n<p><img decoding=\"async\" src=\"https:\/\/benifex.com\/sv\/wp-content\/uploads\/sites\/2\/BenifysCommunicationTool_Image1.jpg\" width=\"680\" height=\"453\" loading=\"lazy\" alt=\"HR kommunikation via mobilen\" style=\"height: auto;max-width: 100%;width: 680px\"><\/p>\n<h3 style=\"font-size: 32px\">Relevant, personlig kommunikation \u00e4r mer framg\u00e5ngsrik&nbsp;<\/h3>\n<p style=\"font-size: 18px\">Val av kanaler \u00e4r inte allt. Budskapets relevans \u00e4r minst lika avg\u00f6rande. Bara om dina meddelanden verkligen intresserar mottagarna kommer de sticka ut fr\u00e5n m\u00e4ngden. D\u00e4rf\u00f6r \u00e4r det viktigt f\u00f6r moderna HR-team att kunna anpassa meddelandena f\u00f6r mottagaren. Och det \u00e4r just det som blir m\u00f6jligt med ett kraftfullt kommunikationsverktyg, som det fr\u00e5n Benify. Detta g\u00f6r n\u00e4mligen att man kan segmentera personalstyrkan, det vill s\u00e4ga dela upp den i m\u00e5lgrupper med specifika intressen och behov.&nbsp;<\/p>\n<p style=\"font-size: 18px\">D\u00e4rmed kan du skicka viktiga uppdateringar specifikt till de personer som ber\u00f6rs av dem. H\u00e4r \u00e4r tre exempel:&nbsp;<\/p>\n<ul style=\"font-size: 18px\">\n<li data-leveltext=\"\uf0b7\" data-font=\"Symbol\" data-listid=\"1\" data-list-defn-props=\"{&quot;335552541&quot;:1,&quot;335559685&quot;:720,&quot;335559991&quot;:360,&quot;469769226&quot;:&quot;Symbol&quot;,&quot;469769242&quot;:[8226],&quot;469777803&quot;:&quot;left&quot;,&quot;469777804&quot;:&quot;\uf0b7&quot;,&quot;469777815&quot;:&quot;hybridMultilevel&quot;}\" data-aria-posinset=\"1\" data-aria-level=\"1\">Skicka information om f\u00f6r\u00e4ldraledighet till f\u00f6r\u00e4ldrar och v\u00e5rdnadshavare via plattformens inkorg&nbsp;<\/li>\n<li>Kommunicera nya f\u00f6rm\u00e5ner f\u00f6r chefer via e-post till alla med chefsbefattningar&nbsp;<\/li>\n<li data-leveltext=\"\uf0b7\" data-font=\"Symbol\" data-listid=\"1\" data-list-defn-props=\"{&quot;335552541&quot;:1,&quot;335559685&quot;:720,&quot;335559991&quot;:360,&quot;469769226&quot;:&quot;Symbol&quot;,&quot;469769242&quot;:[8226],&quot;469777803&quot;:&quot;left&quot;,&quot;469777804&quot;:&quot;\uf0b7&quot;,&quot;469777815&quot;:&quot;hybridMultilevel&quot;}\" data-aria-posinset=\"3\" data-aria-level=\"1\">Informera anst\u00e4llda i Sverige via pushnotiser om erbjudanden som enbart g\u00e4ller i Sverige&nbsp;<\/li>\n<\/ul>\n<p style=\"font-size: 18px\">Genom att skr\u00e4ddarsy dina budskap p\u00e5 det h\u00e4r s\u00e4ttet maximerar du deras relevans. Effektiv medarbetarkommunikation g\u00f6r din arbetsstyrka mer produktiv, mer motiverad, mer engagerad och mer lojal.&nbsp;<\/p>\n<p><img decoding=\"async\" src=\"https:\/\/benifex.com\/sv\/wp-content\/uploads\/sites\/2\/BenifysCommunicationTool_Image2.jpg\" width=\"680\" height=\"453\" loading=\"lazy\" alt=\"diskuterar om f\u00f6rm\u00e5nskommunikation\" style=\"height: auto;max-width: 100%;width: 680px\"><\/p>\n<h3 style=\"font-size: 32px\">Visa uppskattning via riktad f\u00f6rm\u00e5nskommunikation&nbsp;<\/h3>\n<p style=\"font-size: 18px\">En annan f\u00f6rdel med Benifys kommunikationsverktyg \u00e4r att det l\u00e5ter dig visa dina medarbetare hur mycket du faktiskt investerar i dem. P\u00e5 medarbetarplattformen kan du presentera alla deras ers\u00e4ttningskomponenter och f\u00f6rm\u00e5ner p\u00e5 ett tilltalande s\u00e4tt, som \u00e4r riktat till den individuella medarbetaren. F\u00f6rm\u00e5ner och andra f\u00f6rdelar \u00e4r ju ingenting v\u00e4rda om ingen k\u00e4nner till och anv\u00e4nder dem!&nbsp;<\/p>\n<p style=\"font-size: 18px\">S\u00e5 h\u00e4r kan du f\u00f6rmedla detta via Benifys kommunikationsverktyg:&nbsp;<\/p>\n<ul style=\"font-size: 18px\">\n<li data-leveltext=\"\uf0b7\" data-font=\"Symbol\" data-listid=\"3\" data-list-defn-props=\"{&quot;335552541&quot;:1,&quot;335559685&quot;:720,&quot;335559991&quot;:360,&quot;469769226&quot;:&quot;Symbol&quot;,&quot;469769242&quot;:[8226],&quot;469777803&quot;:&quot;left&quot;,&quot;469777804&quot;:&quot;\uf0b7&quot;,&quot;469777815&quot;:&quot;hybridMultilevel&quot;}\" data-aria-posinset=\"1\" data-aria-level=\"1\">E-post&nbsp;<\/li>\n<li>Pushnotiser&nbsp;<\/li>\n<li data-leveltext=\"\uf0b7\" data-font=\"Symbol\" data-listid=\"3\" data-list-defn-props=\"{&quot;335552541&quot;:1,&quot;335559685&quot;:720,&quot;335559991&quot;:360,&quot;469769226&quot;:&quot;Symbol&quot;,&quot;469769242&quot;:[8226],&quot;469777803&quot;:&quot;left&quot;,&quot;469777804&quot;:&quot;\uf0b7&quot;,&quot;469777815&quot;:&quot;hybridMultilevel&quot;}\" data-aria-posinset=\"3\" data-aria-level=\"1\">Plattformsnotiser (som dyker upp s\u00e5 fort medarbetaren loggar in)&nbsp;<\/li>\n<\/ul>\n<p><img decoding=\"async\" src=\"https:\/\/benifex.com\/sv\/wp-content\/uploads\/sites\/2\/BenifysCommunicationTool_Image3.jpg\" width=\"680\" height=\"453\" loading=\"lazy\" alt=\"effektiv kommunikation med pushsnotiser\" style=\"height: auto;max-width: 100%;width: 680px\"><\/p>\n<h4 style=\"font-size: 32px\">G\u00f6r din kommunikation effektiv och m\u00e4tbar&nbsp;<\/h4>\n<p style=\"font-size: 18px\">Benifys kommunikationsverktyg g\u00f6r det smidigt att h\u00e5lla dina medarbetare uppdaterade om funktionerna i sj\u00e4lva plattformen. Visa hur de bokar f\u00f6rm\u00e5ner samt var de hittar relevanta HR-verktyg och -tj\u00e4nster. Du har \u00e4ven m\u00f6jlighet att f\u00f6lja dem genom hela medarbetarresan med riktade och automatiserade budskap.&nbsp;<\/p>\n<p style=\"font-size: 18px\">Du kan sedan m\u00e4ta hur effektiv din kommunikation \u00e4r med hj\u00e4lp av Benifys analysverktyg People Insights. H\u00e4r kan du se klickfrekvensen f\u00f6r pushnotiser och \u00f6ppningsfrekvensen f\u00f6r mejl, vilket ger dig en tydligare bild av medarbetarnas engagemang.&nbsp;<\/p>\n<p style=\"font-size: 18px\">Benifys kommunikationsverktyg \u00e4r en del av din medarbetarplattform fr\u00e5n dag ett. Du kan allts\u00e5 direkt b\u00f6rja informera dina medarbetare om alla f\u00f6rdelar de f\u00e5r genom att jobba p\u00e5 just ditt f\u00f6retag.&nbsp;<\/p>\n<hr>\n<p style=\"font-weight: bold;font-size: 18px\">Redo att framtidss\u00e4kra din medarbetarkommunikation? V\u00e5rt team av erfarna experter visar g\u00e4rna hur Benifys verktyg kan engagera just dina medarbetare.&nbsp;<\/p>\n<p style=\"font-weight: bold;text-align: center\">{{cta(&#8216;dd975962-8dfd-41d7-b958-543ea3fea23a&#8217;)}}<\/p>\n","protected":false},"excerpt":{"rendered":"<p>Hur kommunicerar din HR-avdelning med medarbetarna? F\u00f6rlitar ni er fortfarande p\u00e5 mejl? D\u00e5 pratar ni i praktiken f\u00f6rbi en stor del av personalstyrkan. S\u00e5 h\u00e4r kan ni maximera engagemanget med hj\u00e4lp av Benifys kommunikationsverktyg.&nbsp; Varf\u00f6r e-post inte r\u00e4cker \u2013 och vilka andra kanaler du b\u00f6r anv\u00e4nda&nbsp; Hur n\u00e5r HR-avdelningar b\u00e4st sin m\u00e5lgrupp, det vill s\u00e4ga [&hellip;]<\/p>\n","protected":false},"author":0,"featured_media":20711,"comment_status":"closed","ping_status":"open","sticky":false,"template":"tpl.news-post.php","format":"standard","meta":{"_acf_changed":false,"content-type":"","footnotes":""},"categories":[745,797,811],"tags":[747,799,815],"class_list":["post-20796","post","type-post","status-publish","format-standard","has-post-thumbnail","hentry","category-engagerade-medarbetare","category-medarbetarkommunikation","category-produktnyheter","tag-engagerade-medarbetare","tag-medarbetarkommunikation","tag-produktnyheter"],"acf":[],"yoast_head":"<!-- This site is optimized with the Yoast SEO Premium plugin v26.7 (Yoast SEO v27.2) - https:\/\/yoast.com\/product\/yoast-seo-premium-wordpress\/ -->\n<title>Kommunikationsverktyg - Riktade Budskap f\u00f6r \u00d6kat Engagemang | Benify<\/title>\n<meta name=\"description\" content=\"Frustrerad \u00f6ver att s\u00e5 f\u00e5 l\u00e4ser utskicken fr\u00e5n er HR-avdelning? V\u00e5rt kraftfulla kommunikationsverktyg l\u00e5ter er maximera medarbetarnas engagemang &amp; lojalitet\" \/>\n<meta name=\"robots\" content=\"index, follow, max-snippet:-1, max-image-preview:large, max-video-preview:-1\" \/>\n<link rel=\"canonical\" href=\"https:\/\/benifex.com\/sv\/benifys-kommunikationsverktyg-riktade-budskap-for-okat-engagemang\/\" \/>\n<meta property=\"og:locale\" content=\"en_US\" \/>\n<meta property=\"og:type\" content=\"article\" \/>\n<meta property=\"og:title\" content=\"Benifys kommunikationsverktyg: riktade budskap f\u00f6r \u00f6kat engagemang\" \/>\n<meta property=\"og:description\" content=\"Frustrerad \u00f6ver att s\u00e5 f\u00e5 l\u00e4ser utskicken fr\u00e5n er HR-avdelning? V\u00e5rt kraftfulla kommunikationsverktyg l\u00e5ter er maximera medarbetarnas engagemang &amp; lojalitet\" \/>\n<meta property=\"og:url\" content=\"https:\/\/benifex.com\/sv\/benifys-kommunikationsverktyg-riktade-budskap-for-okat-engagemang\/\" \/>\n<meta property=\"og:site_name\" content=\"Benifex\" \/>\n<meta property=\"article:published_time\" content=\"2024-06-17T13:51:09+00:00\" \/>\n<meta property=\"article:modified_time\" content=\"2026-03-22T09:50:26+00:00\" \/>\n<meta property=\"og:image\" content=\"https:\/\/benifex.com\/wp-content\/uploads\/sites\/2\/BenifysCommunicationTool_Image1.jpg\" \/>\n\t<meta property=\"og:image:width\" content=\"1900\" \/>\n\t<meta property=\"og:image:height\" content=\"1267\" \/>\n\t<meta property=\"og:image:type\" content=\"image\/jpeg\" \/>\n<meta name=\"twitter:card\" content=\"summary_large_image\" \/>\n<meta name=\"twitter:label1\" content=\"Est. reading time\" \/>\n\t<meta name=\"twitter:data1\" content=\"4 minutes\" \/>\n<script type=\"application\/ld+json\" class=\"yoast-schema-graph\">{\"@context\":\"https:\/\/schema.org\",\"@graph\":[{\"@type\":\"Article\",\"@id\":\"https:\/\/benifex.com\/sv\/benifys-kommunikationsverktyg-riktade-budskap-for-okat-engagemang\/#article\",\"isPartOf\":{\"@id\":\"https:\/\/benifex.com\/sv\/benifys-kommunikationsverktyg-riktade-budskap-for-okat-engagemang\/\"},\"author\":{\"name\":\"\",\"@id\":\"\"},\"headline\":\"Benifys kommunikationsverktyg: riktade budskap f\u00f6r \u00f6kat engagemang\",\"datePublished\":\"2024-06-17T13:51:09+00:00\",\"dateModified\":\"2026-03-22T09:50:26+00:00\",\"mainEntityOfPage\":{\"@id\":\"https:\/\/benifex.com\/sv\/benifys-kommunikationsverktyg-riktade-budskap-for-okat-engagemang\/\"},\"wordCount\":802,\"publisher\":{\"@id\":\"https:\/\/benifex.com\/sv\/#organization\"},\"image\":{\"@id\":\"https:\/\/benifex.com\/sv\/benifys-kommunikationsverktyg-riktade-budskap-for-okat-engagemang\/#primaryimage\"},\"thumbnailUrl\":\"https:\/\/benifex.com\/wp-content\/uploads\/sites\/2\/BenifysCommunicationTool_Image1.jpg\",\"keywords\":[\"Engagerade medarbetare\",\"Medarbetarkommunikation\",\"Produktnyheter\"],\"articleSection\":[\"Engagerade medarbetare\",\"Medarbetarkommunikation\",\"Produktnyheter\"],\"inLanguage\":\"en-US\"},{\"@type\":\"WebPage\",\"@id\":\"https:\/\/benifex.com\/sv\/benifys-kommunikationsverktyg-riktade-budskap-for-okat-engagemang\/\",\"url\":\"https:\/\/benifex.com\/sv\/benifys-kommunikationsverktyg-riktade-budskap-for-okat-engagemang\/\",\"name\":\"Kommunikationsverktyg - Riktade Budskap f\u00f6r \u00d6kat Engagemang | Benify\",\"isPartOf\":{\"@id\":\"https:\/\/benifex.com\/sv\/#website\"},\"primaryImageOfPage\":{\"@id\":\"https:\/\/benifex.com\/sv\/benifys-kommunikationsverktyg-riktade-budskap-for-okat-engagemang\/#primaryimage\"},\"image\":{\"@id\":\"https:\/\/benifex.com\/sv\/benifys-kommunikationsverktyg-riktade-budskap-for-okat-engagemang\/#primaryimage\"},\"thumbnailUrl\":\"https:\/\/benifex.com\/wp-content\/uploads\/sites\/2\/BenifysCommunicationTool_Image1.jpg\",\"datePublished\":\"2024-06-17T13:51:09+00:00\",\"dateModified\":\"2026-03-22T09:50:26+00:00\",\"description\":\"Frustrerad \u00f6ver att s\u00e5 f\u00e5 l\u00e4ser utskicken fr\u00e5n er HR-avdelning? V\u00e5rt kraftfulla kommunikationsverktyg l\u00e5ter er maximera medarbetarnas engagemang & lojalitet\",\"breadcrumb\":{\"@id\":\"https:\/\/benifex.com\/sv\/benifys-kommunikationsverktyg-riktade-budskap-for-okat-engagemang\/#breadcrumb\"},\"inLanguage\":\"en-US\",\"potentialAction\":[{\"@type\":\"ReadAction\",\"target\":[\"https:\/\/benifex.com\/sv\/benifys-kommunikationsverktyg-riktade-budskap-for-okat-engagemang\/\"]}]},{\"@type\":\"ImageObject\",\"inLanguage\":\"en-US\",\"@id\":\"https:\/\/benifex.com\/sv\/benifys-kommunikationsverktyg-riktade-budskap-for-okat-engagemang\/#primaryimage\",\"url\":\"https:\/\/benifex.com\/wp-content\/uploads\/sites\/2\/BenifysCommunicationTool_Image1.jpg\",\"contentUrl\":\"https:\/\/benifex.com\/wp-content\/uploads\/sites\/2\/BenifysCommunicationTool_Image1.jpg\",\"width\":1900,\"height\":1267},{\"@type\":\"BreadcrumbList\",\"@id\":\"https:\/\/benifex.com\/sv\/benifys-kommunikationsverktyg-riktade-budskap-for-okat-engagemang\/#breadcrumb\",\"itemListElement\":[{\"@type\":\"ListItem\",\"position\":1,\"name\":\"Home\",\"item\":\"https:\/\/benifex.com\/sv\/en\/\"},{\"@type\":\"ListItem\",\"position\":2,\"name\":\"Benifys kommunikationsverktyg: riktade budskap f\u00f6r \u00f6kat engagemang\"}]},{\"@type\":\"WebSite\",\"@id\":\"https:\/\/benifex.com\/sv\/#website\",\"url\":\"https:\/\/benifex.com\/sv\/\",\"name\":\"Benifex\",\"description\":\"Global employee benefits and total rewards platform\",\"publisher\":{\"@id\":\"https:\/\/benifex.com\/sv\/#organization\"},\"potentialAction\":[{\"@type\":\"SearchAction\",\"target\":{\"@type\":\"EntryPoint\",\"urlTemplate\":\"https:\/\/benifex.com\/sv\/?s={search_term_string}\"},\"query-input\":{\"@type\":\"PropertyValueSpecification\",\"valueRequired\":true,\"valueName\":\"search_term_string\"}}],\"inLanguage\":\"en-US\"},{\"@type\":\"Organization\",\"@id\":\"https:\/\/benifex.com\/sv\/#organization\",\"name\":\"Benifex\",\"url\":\"https:\/\/benifex.com\/sv\/\",\"logo\":{\"@type\":\"ImageObject\",\"inLanguage\":\"en-US\",\"@id\":\"https:\/\/benifex.com\/sv\/#\/schema\/logo\/image\/\",\"url\":\"https:\/\/benifex.com\/wp-content\/uploads\/sites\/2\/Benifex_Logo_White.svg\",\"contentUrl\":\"https:\/\/benifex.com\/wp-content\/uploads\/sites\/2\/Benifex_Logo_White.svg\",\"width\":799,\"height\":265,\"caption\":\"Benifex\"},\"image\":{\"@id\":\"https:\/\/benifex.com\/sv\/#\/schema\/logo\/image\/\"}}]}<\/script>\n<!-- \/ Yoast SEO Premium plugin. -->","yoast_head_json":{"title":"Kommunikationsverktyg - Riktade Budskap f\u00f6r \u00d6kat Engagemang | Benify","description":"Frustrerad \u00f6ver att s\u00e5 f\u00e5 l\u00e4ser utskicken fr\u00e5n er HR-avdelning? V\u00e5rt kraftfulla kommunikationsverktyg l\u00e5ter er maximera medarbetarnas engagemang & lojalitet","robots":{"index":"index","follow":"follow","max-snippet":"max-snippet:-1","max-image-preview":"max-image-preview:large","max-video-preview":"max-video-preview:-1"},"canonical":"https:\/\/benifex.com\/sv\/benifys-kommunikationsverktyg-riktade-budskap-for-okat-engagemang\/","og_locale":"en_US","og_type":"article","og_title":"Benifys kommunikationsverktyg: riktade budskap f\u00f6r \u00f6kat engagemang","og_description":"Frustrerad \u00f6ver att s\u00e5 f\u00e5 l\u00e4ser utskicken fr\u00e5n er HR-avdelning? V\u00e5rt kraftfulla kommunikationsverktyg l\u00e5ter er maximera medarbetarnas engagemang & lojalitet","og_url":"https:\/\/benifex.com\/sv\/benifys-kommunikationsverktyg-riktade-budskap-for-okat-engagemang\/","og_site_name":"Benifex","article_published_time":"2024-06-17T13:51:09+00:00","article_modified_time":"2026-03-22T09:50:26+00:00","og_image":[{"width":1900,"height":1267,"url":"https:\/\/benifex.com\/wp-content\/uploads\/sites\/2\/BenifysCommunicationTool_Image1.jpg","type":"image\/jpeg"}],"twitter_card":"summary_large_image","twitter_misc":{"Est. reading time":"4 minutes"},"schema":{"@context":"https:\/\/schema.org","@graph":[{"@type":"Article","@id":"https:\/\/benifex.com\/sv\/benifys-kommunikationsverktyg-riktade-budskap-for-okat-engagemang\/#article","isPartOf":{"@id":"https:\/\/benifex.com\/sv\/benifys-kommunikationsverktyg-riktade-budskap-for-okat-engagemang\/"},"author":{"name":"","@id":""},"headline":"Benifys kommunikationsverktyg: riktade budskap f\u00f6r \u00f6kat engagemang","datePublished":"2024-06-17T13:51:09+00:00","dateModified":"2026-03-22T09:50:26+00:00","mainEntityOfPage":{"@id":"https:\/\/benifex.com\/sv\/benifys-kommunikationsverktyg-riktade-budskap-for-okat-engagemang\/"},"wordCount":802,"publisher":{"@id":"https:\/\/benifex.com\/sv\/#organization"},"image":{"@id":"https:\/\/benifex.com\/sv\/benifys-kommunikationsverktyg-riktade-budskap-for-okat-engagemang\/#primaryimage"},"thumbnailUrl":"https:\/\/benifex.com\/wp-content\/uploads\/sites\/2\/BenifysCommunicationTool_Image1.jpg","keywords":["Engagerade medarbetare","Medarbetarkommunikation","Produktnyheter"],"articleSection":["Engagerade medarbetare","Medarbetarkommunikation","Produktnyheter"],"inLanguage":"en-US"},{"@type":"WebPage","@id":"https:\/\/benifex.com\/sv\/benifys-kommunikationsverktyg-riktade-budskap-for-okat-engagemang\/","url":"https:\/\/benifex.com\/sv\/benifys-kommunikationsverktyg-riktade-budskap-for-okat-engagemang\/","name":"Kommunikationsverktyg - Riktade Budskap f\u00f6r \u00d6kat Engagemang | Benify","isPartOf":{"@id":"https:\/\/benifex.com\/sv\/#website"},"primaryImageOfPage":{"@id":"https:\/\/benifex.com\/sv\/benifys-kommunikationsverktyg-riktade-budskap-for-okat-engagemang\/#primaryimage"},"image":{"@id":"https:\/\/benifex.com\/sv\/benifys-kommunikationsverktyg-riktade-budskap-for-okat-engagemang\/#primaryimage"},"thumbnailUrl":"https:\/\/benifex.com\/wp-content\/uploads\/sites\/2\/BenifysCommunicationTool_Image1.jpg","datePublished":"2024-06-17T13:51:09+00:00","dateModified":"2026-03-22T09:50:26+00:00","description":"Frustrerad \u00f6ver att s\u00e5 f\u00e5 l\u00e4ser utskicken fr\u00e5n er HR-avdelning? V\u00e5rt kraftfulla kommunikationsverktyg l\u00e5ter er maximera medarbetarnas engagemang & lojalitet","breadcrumb":{"@id":"https:\/\/benifex.com\/sv\/benifys-kommunikationsverktyg-riktade-budskap-for-okat-engagemang\/#breadcrumb"},"inLanguage":"en-US","potentialAction":[{"@type":"ReadAction","target":["https:\/\/benifex.com\/sv\/benifys-kommunikationsverktyg-riktade-budskap-for-okat-engagemang\/"]}]},{"@type":"ImageObject","inLanguage":"en-US","@id":"https:\/\/benifex.com\/sv\/benifys-kommunikationsverktyg-riktade-budskap-for-okat-engagemang\/#primaryimage","url":"https:\/\/benifex.com\/wp-content\/uploads\/sites\/2\/BenifysCommunicationTool_Image1.jpg","contentUrl":"https:\/\/benifex.com\/wp-content\/uploads\/sites\/2\/BenifysCommunicationTool_Image1.jpg","width":1900,"height":1267},{"@type":"BreadcrumbList","@id":"https:\/\/benifex.com\/sv\/benifys-kommunikationsverktyg-riktade-budskap-for-okat-engagemang\/#breadcrumb","itemListElement":[{"@type":"ListItem","position":1,"name":"Home","item":"https:\/\/benifex.com\/sv\/en\/"},{"@type":"ListItem","position":2,"name":"Benifys kommunikationsverktyg: riktade budskap f\u00f6r \u00f6kat engagemang"}]},{"@type":"WebSite","@id":"https:\/\/benifex.com\/sv\/#website","url":"https:\/\/benifex.com\/sv\/","name":"Benifex","description":"Global employee benefits and total rewards platform","publisher":{"@id":"https:\/\/benifex.com\/sv\/#organization"},"potentialAction":[{"@type":"SearchAction","target":{"@type":"EntryPoint","urlTemplate":"https:\/\/benifex.com\/sv\/?s={search_term_string}"},"query-input":{"@type":"PropertyValueSpecification","valueRequired":true,"valueName":"search_term_string"}}],"inLanguage":"en-US"},{"@type":"Organization","@id":"https:\/\/benifex.com\/sv\/#organization","name":"Benifex","url":"https:\/\/benifex.com\/sv\/","logo":{"@type":"ImageObject","inLanguage":"en-US","@id":"https:\/\/benifex.com\/sv\/#\/schema\/logo\/image\/","url":"https:\/\/benifex.com\/wp-content\/uploads\/sites\/2\/Benifex_Logo_White.svg","contentUrl":"https:\/\/benifex.com\/wp-content\/uploads\/sites\/2\/Benifex_Logo_White.svg","width":799,"height":265,"caption":"Benifex"},"image":{"@id":"https:\/\/benifex.com\/sv\/#\/schema\/logo\/image\/"}}]}},"lang":"sv","translations":{"sv":20796},"pll_sync_post":[],"_links":{"self":[{"href":"https:\/\/benifex.com\/sv\/wp-json\/wp\/v2\/posts\/20796","targetHints":{"allow":["GET"]}}],"collection":[{"href":"https:\/\/benifex.com\/sv\/wp-json\/wp\/v2\/posts"}],"about":[{"href":"https:\/\/benifex.com\/sv\/wp-json\/wp\/v2\/types\/post"}],"replies":[{"embeddable":true,"href":"https:\/\/benifex.com\/sv\/wp-json\/wp\/v2\/comments?post=20796"}],"version-history":[{"count":0,"href":"https:\/\/benifex.com\/sv\/wp-json\/wp\/v2\/posts\/20796\/revisions"}],"wp:featuredmedia":[{"embeddable":true,"href":"https:\/\/benifex.com\/sv\/wp-json\/wp\/v2\/media\/20711"}],"wp:attachment":[{"href":"https:\/\/benifex.com\/sv\/wp-json\/wp\/v2\/media?parent=20796"}],"wp:term":[{"taxonomy":"category","embeddable":true,"href":"https:\/\/benifex.com\/sv\/wp-json\/wp\/v2\/categories?post=20796"},{"taxonomy":"post_tag","embeddable":true,"href":"https:\/\/benifex.com\/sv\/wp-json\/wp\/v2\/tags?post=20796"}],"curies":[{"name":"wp","href":"https:\/\/api.w.org\/{rel}","templated":true}]}}